{"id":525,"date":"2021-06-09T10:44:38","date_gmt":"2021-06-09T08:44:38","guid":{"rendered":"https:\/\/rocktenbulles.fr\/?p=525"},"modified":"2021-06-09T10:44:38","modified_gmt":"2021-06-09T08:44:38","slug":"hrb-rallye-moto-journee-retrouvaille-en-selle-le-4-juillet-2021","status":"publish","type":"post","link":"https:\/\/rocktenbulles.fr\/index.php\/2021\/06\/09\/hrb-rallye-moto-journee-retrouvaille-en-selle-le-4-juillet-2021\/","title":{"rendered":"HRB : Rallye Moto Journ\u00e9e retrouvaille en selle le 4 juillet 2021"},"content":{"rendered":"<div id=\"fb-root\"><\/div>\n\n<p> Accueil  avec viennoiserie et caf\u00e9 , un d\u00e9part pour une Ballade tranquille sur  nos jolies routes de l\u2019Artois vers 10H, un retour tout aussi tranquille  vers 12h30 , une restauration maison concoct\u00e9e par nos b\u00e9n\u00e9voles et  un  petit concert en plein air pour terminer la journ\u00e9e sur une note  musicale obligatoire.<\/p>\n\n\n\n<figure class=\"wp-block-image\"><img loading=\"lazy\" decoding=\"async\" width=\"960\" height=\"532\" src=\"https:\/\/rocktenbulles.fr\/wp-content\/uploads\/2021\/06\/189897155_2896418740636473_6025914456434932585_n.jpg\" alt=\"\" class=\"wp-image-527\" srcset=\"https:\/\/rocktenbulles.fr\/wp-content\/uploads\/2021\/06\/189897155_2896418740636473_6025914456434932585_n.jpg 960w, https:\/\/rocktenbulles.fr\/wp-content\/uploads\/2021\/06\/189897155_2896418740636473_6025914456434932585_n-300x166.jpg 300w, https:\/\/rocktenbulles.fr\/wp-content\/uploads\/2021\/06\/189897155_2896418740636473_6025914456434932585_n-768x426.jpg 768w\" sizes=\"auto, (max-width: 960px) 100vw, 960px\" \/><figcaption>Rallye Moto Handi-Rock-bike<\/figcaption><\/figure>\n\n\n\n\n\n<figure class=\"wp-block-image\"><img loading=\"lazy\" decoding=\"async\" width=\"511\" height=\"720\" src=\"https:\/\/rocktenbulles.fr\/wp-content\/uploads\/2021\/06\/rallye.moto_.HRB_.jpg\" alt=\"\" class=\"wp-image-526\" srcset=\"https:\/\/rocktenbulles.fr\/wp-content\/uploads\/2021\/06\/rallye.moto_.HRB_.jpg 511w, https:\/\/rocktenbulles.fr\/wp-content\/uploads\/2021\/06\/rallye.moto_.HRB_-213x300.jpg 213w\" sizes=\"auto, (max-width: 511px) 100vw, 511px\" \/><\/figure>\n\n\n\n<p><a href=\"https:\/\/www.facebook.com\/events\/793390787982937?ref=newsfeed\">https:\/\/www.facebook.com\/events\/793390787982937?ref=newsfeed<\/a><\/p>\n","protected":false},"excerpt":{"rendered":"<p>Accueil avec viennoiserie et caf\u00e9 , un d\u00e9part pour une Ballade tranquille sur nos jolies routes de l\u2019Artois vers 10H, un retour tout aussi tranquille vers 12h30 , une restauration maison concoct\u00e9e par nos b\u00e9n\u00e9voles et un petit concert en<\/p>\n","protected":false},"author":1,"featured_media":0,"comment_status":"closed","ping_status":"closed","sticky":false,"template":"","format":"standard","meta":{"footnotes":""},"categories":[1],"tags":[],"class_list":["post-525","post","type-post","status-publish","format-standard","hentry","category-non-classe"],"_links":{"self":[{"href":"https:\/\/rocktenbulles.fr\/index.php\/wp-json\/wp\/v2\/posts\/525","targetHints":{"allow":["GET"]}}],"collection":[{"href":"https:\/\/rocktenbulles.fr\/index.php\/wp-json\/wp\/v2\/posts"}],"about":[{"href":"https:\/\/rocktenbulles.fr\/index.php\/wp-json\/wp\/v2\/types\/post"}],"author":[{"embeddable":true,"href":"https:\/\/rocktenbulles.fr\/index.php\/wp-json\/wp\/v2\/users\/1"}],"replies":[{"embeddable":true,"href":"https:\/\/rocktenbulles.fr\/index.php\/wp-json\/wp\/v2\/comments?post=525"}],"version-history":[{"count":1,"href":"https:\/\/rocktenbulles.fr\/index.php\/wp-json\/wp\/v2\/posts\/525\/revisions"}],"predecessor-version":[{"id":528,"href":"https:\/\/rocktenbulles.fr\/index.php\/wp-json\/wp\/v2\/posts\/525\/revisions\/528"}],"wp:attachment":[{"href":"https:\/\/rocktenbulles.fr\/index.php\/wp-json\/wp\/v2\/media?parent=525"}],"wp:term":[{"taxonomy":"category","embeddable":true,"href":"https:\/\/rocktenbulles.fr\/index.php\/wp-json\/wp\/v2\/categories?post=525"},{"taxonomy":"post_tag","embeddable":true,"href":"https:\/\/rocktenbulles.fr\/index.php\/wp-json\/wp\/v2\/tags?post=525"}],"curies":[{"name":"wp","href":"https:\/\/api.w.org\/{rel}","templated":true}]}}